{"id":2739,"date":"2024-12-03T16:20:50","date_gmt":"2024-12-03T16:20:50","guid":{"rendered":"https:\/\/maratonc.si\/?p=2739"},"modified":"2025-09-02T04:54:11","modified_gmt":"2025-09-02T04:54:11","slug":"maraton-varsava-in-10ka-2025","status":"publish","type":"post","link":"http:\/\/maratonc.si\/?p=2739","title":{"rendered":"Maraton Var\u0161ava in 10ka 2025"},"content":{"rendered":"\n\n<div class=\"kk-star-ratings kksr-auto kksr-align-left kksr-valign-top\"\n    data-payload='{&quot;align&quot;:&quot;left&quot;,&quot;id&quot;:&quot;2739&quot;,&quot;slug&quot;:&quot;default&quot;,&quot;valign&quot;:&quot;top&quot;,&quot;ignore&quot;:&quot;&quot;,&quot;reference&quot;:&quot;auto&quot;,&quot;class&quot;:&quot;&quot;,&quot;count&quot;:&quot;0&quot;,&quot;legendonly&quot;:&quot;&quot;,&quot;readonly&quot;:&quot;&quot;,&quot;score&quot;:&quot;0&quot;,&quot;starsonly&quot;:&quot;&quot;,&quot;best&quot;:&quot;5&quot;,&quot;gap&quot;:&quot;5&quot;,&quot;greet&quot;:&quot;Rate this post&quot;,&quot;legend&quot;:&quot;0\\\/5 - (0 votes)&quot;,&quot;size&quot;:&quot;24&quot;,&quot;title&quot;:&quot;Maraton Var\u0161ava in 10ka 2025&quot;,&quot;width&quot;:&quot;0&quot;,&quot;_legend&quot;:&quot;{score}\\\/{best} - ({count} {votes})&quot;,&quot;font_factor&quot;:&quot;1.25&quot;}'>\n            \n<div class=\"kksr-stars\">\n    \n<div class=\"kksr-stars-inactive\">\n            <div class=\"kksr-star\" data-star=\"1\" style=\"padding-right: 5px\">\n            \n\n<div class=\"kksr-icon\" style=\"width: 24px; height: 24px;\"><\/div>\n        <\/div>\n            <div class=\"kksr-star\" data-star=\"2\" style=\"padding-right: 5px\">\n            \n\n<div class=\"kksr-icon\" style=\"width: 24px; height: 24px;\"><\/div>\n        <\/div>\n            <div class=\"kksr-star\" data-star=\"3\" style=\"padding-right: 5px\">\n            \n\n<div class=\"kksr-icon\" style=\"width: 24px; height: 24px;\"><\/div>\n        <\/div>\n            <div class=\"kksr-star\" data-star=\"4\" style=\"padding-right: 5px\">\n            \n\n<div class=\"kksr-icon\" style=\"width: 24px; height: 24px;\"><\/div>\n        <\/div>\n            <div class=\"kksr-star\" data-star=\"5\" style=\"padding-right: 5px\">\n            \n\n<div class=\"kksr-icon\" style=\"width: 24px; height: 24px;\"><\/div>\n        <\/div>\n    <\/div>\n    \n<div class=\"kksr-stars-active\" style=\"width: 0px;\">\n            <div class=\"kksr-star\" style=\"padding-right: 5px\">\n            \n\n<div class=\"kksr-icon\" style=\"width: 24px; height: 24px;\"><\/div>\n        <\/div>\n            <div class=\"kksr-star\" style=\"padding-right: 5px\">\n            \n\n<div class=\"kksr-icon\" style=\"width: 24px; height: 24px;\"><\/div>\n        <\/div>\n            <div class=\"kksr-star\" style=\"padding-right: 5px\">\n            \n\n<div class=\"kksr-icon\" style=\"width: 24px; height: 24px;\"><\/div>\n        <\/div>\n            <div class=\"kksr-star\" style=\"padding-right: 5px\">\n            \n\n<div class=\"kksr-icon\" style=\"width: 24px; height: 24px;\"><\/div>\n        <\/div>\n            <div class=\"kksr-star\" style=\"padding-right: 5px\">\n            \n\n<div class=\"kksr-icon\" style=\"width: 24px; height: 24px;\"><\/div>\n        <\/div>\n    <\/div>\n<\/div>\n                \n\n<div class=\"kksr-legend\" style=\"font-size: 19.2px;\">\n            <span class=\"kksr-muted\">Rate this post<\/span>\n    <\/div>\n    <\/div>\n<div class=\"wp-block-image\"><figure class=\"aligncenter\"><a href=\"http:\/\/maratonc.si\/wp-content\/uploads\/2022\/12\/var2.jpg\"><img loading=\"lazy\" decoding=\"async\" width=\"1024\" height=\"683\" src=\"http:\/\/maratonc.si\/wp-content\/uploads\/2022\/12\/var2-1024x683.jpg\" alt=\"Maraton w Warszawie. \/\/ Marathon in Warsaw.\" class=\"wp-image-1865\" srcset=\"http:\/\/maratonc.si\/wp-content\/uploads\/2022\/12\/var2-1024x683.jpg 1024w, http:\/\/maratonc.si\/wp-content\/uploads\/2022\/12\/var2-300x200.jpg 300w, http:\/\/maratonc.si\/wp-content\/uploads\/2022\/12\/var2-600x401.jpg 600w\" sizes=\"(max-width: 1024px) 100vw, 1024px\" \/><\/a><\/figure><\/div><p>Feniks, ki je zrasel iz pepela oz. <strong>poljska prestolnica Var\u0161ava<\/strong>, ki je bila med drugo svetovno vojno popolnoma uni\u010dena je danes ena izmed najbolj sodobnih in modernih prestolnic na svetu, ki pa nikoli ni pozabila na svojo zgodovino. Najljub\u0161i sin Var\u0161ave \u2013 Chopin, je mesto postavil na kulturni zemljevid sveta, zgodovina, arhitektura in umetnost, pa sta mesto postavili pod za\u0161\u010dito UNESCA.&nbsp;Var\u0161ava je postala prestolnica Poljske \u0161ele na za\u010detku 17. stoletja. Razprostira se na ni\u017eini na obeh bregovih reke Visle.&nbsp;Prestolnica, ki je kulurno, zgodovinsko in kulinari\u010dno bogata,&nbsp; je premalokrat na na\u0161em zemljevidu.&nbsp;<strong>\u010ce \u017eelite znova za\u010dutiti mesto, ki je bilo neko\u010d znano kot Pariz Vzhodne Evrope, potem ga morate z nami osvojiti teka\u0161ko!<\/strong><\/p><h2 class=\"wp-block-heading\"><a href=\"https:\/\/docs.google.com\/forms\/d\/e\/1FAIpQLSckafkcPfhe-ZUaOmPGvUsHCmZbRIKhuzgHXxvcWnGBnhlM1Q\/viewform\"><strong>PRIJAVNICA TULE&nbsp;<\/strong><\/a><\/h2><p><strong>1.dan &#8211; petek 26.9.2025 &#8211; SLOVENIJA &#8211; ZAGREB &#8211; VAR\u0160AVA<br><\/strong>Opoldne iz letali\u0161\u010da Ljubljana odletimo v Var\u0161avo. Po pristanku se zapeljemo na expo v Pala\u010do kulture in znanosti, kjer dvignemo \u0161tevilke. Vzpneno se \u0161e na razgledno to\u010dko. Po nastanitvi v hotelu se osve\u017eimo, potem pa podamo v mesto na ve\u010derjo. No\u010ditev.<\/p><div class=\"wp-block-image\"><figure class=\"aligncenter\"><a href=\"http:\/\/maratonc.si\/wp-content\/uploads\/2022\/12\/var11.jpg\"><img loading=\"lazy\" decoding=\"async\" width=\"1024\" height=\"233\" src=\"http:\/\/maratonc.si\/wp-content\/uploads\/2022\/12\/var11-1024x233.jpg\" alt=\"var1\" class=\"wp-image-1882\" srcset=\"http:\/\/maratonc.si\/wp-content\/uploads\/2022\/12\/var11-1024x233.jpg 1024w, http:\/\/maratonc.si\/wp-content\/uploads\/2022\/12\/var11-300x68.jpg 300w, http:\/\/maratonc.si\/wp-content\/uploads\/2022\/12\/var11-scaled-600x137.jpg 600w\" sizes=\"(max-width: 1024px) 100vw, 1024px\" \/><\/a><\/figure><\/div><p><strong>2. dan &#8211; sobota 27.9.2025 &#8211; SPOZNAVANJE MESTA\u00a0<\/strong><br>Moderna Var\u0161ava je me\u0161anica ble\u0161\u010de\u010dih novih stolpnic, z drevesi obdanih bulevarjev in spomenikov iz &#8216;\u017eeleznega&#8217; obdobja. Staro in novo, bogato in revno, vse je na kupu: bogati novi avtomobili si ceste delijo s prenapolnjenimi mestnimi avtobusi in tramvaji. Z tramvajem se zapeljemo do Kopernikovega centra ob reki Visli, ki je znanstveno sredi\u0161\u010de, izjemen tehnolo\u0161ki muzej in hi\u0161a eksperimentov v enem. Na kosilo se odpravimo v center mesta, kjer si ogledamo najprej grad in trg pred njim, potem pa \u0161e Staro mesto s \u010dudovitimi stavbami, vodnjakom in Sirenko, morsko deklico, ki je za\u0161\u010ditnica mesta.\u00a0Proti ve\u010deru se na hitro sestanemo \u0161e v hotelu, dogovorimo detajle za maraton in gremo po\u010divat.<\/p><div class=\"wp-block-image\"><figure class=\"aligncenter\"><a href=\"http:\/\/maratonc.si\/wp-content\/uploads\/2022\/12\/war33.jpg\"><img loading=\"lazy\" decoding=\"async\" width=\"1024\" height=\"208\" src=\"http:\/\/maratonc.si\/wp-content\/uploads\/2022\/12\/war33-1024x208.jpg\" alt=\"war33\" class=\"wp-image-1885\" srcset=\"http:\/\/maratonc.si\/wp-content\/uploads\/2022\/12\/war33-1024x208.jpg 1024w, http:\/\/maratonc.si\/wp-content\/uploads\/2022\/12\/war33-300x60.jpg 300w, http:\/\/maratonc.si\/wp-content\/uploads\/2022\/12\/war33-scaled-600x122.jpg 600w\" sizes=\"(max-width: 1024px) 100vw, 1024px\" \/><\/a><\/figure><\/div><p><a href=\"http:\/\/maratonc.si\/wp-content\/uploads\/2019\/12\/spar_42km_2019jobb.jpg\"><br><\/a> <strong>3. dan &#8211; nedelja 28.9.2025- MARATON in 10km<\/strong><br><strong>Maraton\u00a0 starta ob 9h,<\/strong> tek na 10km pa ob 9.30. Najkasneje ob 8.00 bomo iz hotela krenili pe\u0161 do bli\u017enjega startno-ciljnega prostora. Maraton velja za hitrega, z veliko ravnimi odseki, proga pa obkro\u017ei mesto in vse njegove glavne znamenitosti. Limit na maratonu je 6 ur in pol. Skupaj bo teklo okoli 15.000 teka\u010dev! Po prihodu zadnjega teka\u010da iz na\u0161e skupine v cilj (cca. ob 14.30) se bomo odpravili nazaj v hotel, kjer se oseve\u017eimo in privo\u0161\u010dimo zgodnjo ve\u010derjo. Po ve\u010derji si privo\u0161\u010dimo \u0161e kraj\u0161i sprehod do reke Visle, kjer v objektive ujamemo eno od \u0161tevilnih morskih deklic (kipov!), ki jih je v mestu mnogo, saj je Var\u0161avska morska deklica simbol mesta. Zaklju\u010dimo z\u00a0 analizo in dru\u017eenjem, da nazdravimo uspehom in rekordom!<\/p><div class=\"wp-block-image\"><figure class=\"aligncenter\"><a href=\"http:\/\/maratonc.si\/wp-content\/uploads\/2024\/11\/46_NNMW_mapa_1200x628_en.jpg\"><img loading=\"lazy\" decoding=\"async\" width=\"1024\" height=\"536\" src=\"http:\/\/maratonc.si\/wp-content\/uploads\/2024\/11\/46_NNMW_mapa_1200x628_en-1024x536.jpg\" alt=\"\" class=\"wp-image-2244\" srcset=\"http:\/\/maratonc.si\/wp-content\/uploads\/2024\/11\/46_NNMW_mapa_1200x628_en-1024x536.jpg 1024w, http:\/\/maratonc.si\/wp-content\/uploads\/2024\/11\/46_NNMW_mapa_1200x628_en-300x157.jpg 300w, http:\/\/maratonc.si\/wp-content\/uploads\/2024\/11\/46_NNMW_mapa_1200x628_en-600x314.jpg 600w, http:\/\/maratonc.si\/wp-content\/uploads\/2024\/11\/46_NNMW_mapa_1200x628_en-768x402.jpg 768w, http:\/\/maratonc.si\/wp-content\/uploads\/2024\/11\/46_NNMW_mapa_1200x628_en.jpg 1200w\" sizes=\"(max-width: 1024px) 100vw, 1024px\" \/><\/a><\/figure><\/div><div class=\"wp-block-image\"><figure class=\"aligncenter\"><a href=\"http:\/\/maratonc.si\/wp-content\/uploads\/2024\/11\/var81-scaled.jpg\"><img loading=\"lazy\" decoding=\"async\" width=\"1024\" height=\"217\" src=\"http:\/\/maratonc.si\/wp-content\/uploads\/2024\/11\/var81-1024x217.jpg\" alt=\"\" class=\"wp-image-2249\" srcset=\"http:\/\/maratonc.si\/wp-content\/uploads\/2024\/11\/var81-1024x217.jpg 1024w, http:\/\/maratonc.si\/wp-content\/uploads\/2024\/11\/var81-300x64.jpg 300w, http:\/\/maratonc.si\/wp-content\/uploads\/2024\/11\/var81-scaled-600x127.jpg 600w, http:\/\/maratonc.si\/wp-content\/uploads\/2024\/11\/var81-768x163.jpg 768w, http:\/\/maratonc.si\/wp-content\/uploads\/2024\/11\/var81-1536x326.jpg 1536w, http:\/\/maratonc.si\/wp-content\/uploads\/2024\/11\/var81-2048x435.jpg 2048w\" sizes=\"(max-width: 1024px) 100vw, 1024px\" \/><\/a><\/figure><\/div><p><a href=\"http:\/\/maratonc.si\/wp-content\/uploads\/2019\/12\/buda14.jpg\"><br><\/a> <strong>4. dan &#8211; ponedeljek 29.9.2025 &#8211; VAR\u0160AVA<br><\/strong> Po zajtrku se bomo skozi moderni del mesta s futuristi\u010dnimi neboti\u010dniki, ki spominjajo na Manhattan podali do muzeja \u017divljenja v komunizmu, na ulici Nowy Swiat, kjer je obilo trgovinic. Po &#8220;Zlati poti&#8221; se bomo sprehodili do centra mesta in vanj vstopili skozi znani Barbikan, mestno obzidje. Pri multimedijski fontani bomo pre\u010dili reko Vislo (\u010de uspemo s trajektom) in na drugi strani obiskal \u0161e \u017eivalski vrt  in znamenitega evropskega zobra. Ve\u010derjo si privo\u0161\u010dimo v mestu, kjer si \u0161e enkrat ve\u010d privo\u0161imo juho \u017eurek, polnjene piroge, poljske sire in noro dobre sladice. Nazdravimo s poljskim pivom in preno\u010dimo \u0161e zadnji\u010d.<\/p><div class=\"wp-block-image\"><figure class=\"aligncenter\"><a href=\"http:\/\/maratonc.si\/wp-content\/uploads\/2024\/11\/248940.jpg\"><img loading=\"lazy\" decoding=\"async\" width=\"1024\" height=\"303\" src=\"http:\/\/maratonc.si\/wp-content\/uploads\/2024\/11\/248940-1024x303.jpg\" alt=\"\" class=\"wp-image-2245\" srcset=\"http:\/\/maratonc.si\/wp-content\/uploads\/2024\/11\/248940-1024x303.jpg 1024w, http:\/\/maratonc.si\/wp-content\/uploads\/2024\/11\/248940-300x89.jpg 300w, http:\/\/maratonc.si\/wp-content\/uploads\/2024\/11\/248940-600x178.jpg 600w, http:\/\/maratonc.si\/wp-content\/uploads\/2024\/11\/248940-768x227.jpg 768w, http:\/\/maratonc.si\/wp-content\/uploads\/2024\/11\/248940-1536x455.jpg 1536w, http:\/\/maratonc.si\/wp-content\/uploads\/2024\/11\/248940-2048x606.jpg 2048w\" sizes=\"(max-width: 1024px) 100vw, 1024px\" \/><\/a><\/figure><\/div><p><strong>5. dan &#8211; torek 30.9.2025 &#8211; VAR\u0160AVA &#8211; ZAGREB &#8211; SLOVENIJA<\/strong><br>Po \u017eelji se pred zajtrkom odpravimo na kraj\u0161i tek v Sa\u0161ki park, mimo spomenika neznanemu junaku in do predsedni\u0161ke pala\u010de. Poslikamo se pred klopco Nikolaja Kopernika in odte\u010demo nazaj na zajtrk. Po zajtrku gremo \u0161e v nakupe! Ko nakupimo spominke, jantarne ogrlice, spijemo kavo in obedujemo, se z busom odpravimo na letali\u0161\u010de. Povratni let za Ljubljano imamo ob 14.40. Na ljubljanskem letali\u0161\u010du pristanemo ob 16.20.<\/p><div class=\"wp-block-image\"><figure class=\"aligncenter\"><a href=\"http:\/\/maratonc.si\/wp-content\/uploads\/2022\/12\/hack-the-city-warsaw-hero-1920x550.png\"><img loading=\"lazy\" decoding=\"async\" width=\"1024\" height=\"293\" src=\"http:\/\/maratonc.si\/wp-content\/uploads\/2022\/12\/hack-the-city-warsaw-hero-1920x550-1024x293.png\" alt=\"hack-the-city-warsaw-hero-1920x550\" class=\"wp-image-1879\" srcset=\"http:\/\/maratonc.si\/wp-content\/uploads\/2022\/12\/hack-the-city-warsaw-hero-1920x550-1024x293.png 1024w, http:\/\/maratonc.si\/wp-content\/uploads\/2022\/12\/hack-the-city-warsaw-hero-1920x550-300x85.png 300w, http:\/\/maratonc.si\/wp-content\/uploads\/2022\/12\/hack-the-city-warsaw-hero-1920x550-600x172.png 600w, http:\/\/maratonc.si\/wp-content\/uploads\/2022\/12\/hack-the-city-warsaw-hero-1920x550.png 1920w\" sizes=\"(max-width: 1024px) 100vw, 1024px\" \/><\/a><\/figure><\/div><p><a href=\"http:\/\/maratonc.si\/wp-content\/uploads\/2019\/12\/terme1.jpg\"><br><\/a>Celoten izlet bo voden s strani izku\u0161enih teka\u0161kih vodi\u010dev.<\/p><h2 class=\"wp-block-heading\"><a href=\"https:\/\/docs.google.com\/forms\/d\/e\/1FAIpQLSckafkcPfhe-ZUaOmPGvUsHCmZbRIKhuzgHXxvcWnGBnhlM1Q\/viewform\"><strong>PRIJAVNICA TULE&nbsp;<\/strong><\/a><\/h2><p>Cena paketa&nbsp;<strong> &nbsp;814<\/strong> <strong>\u20ac<\/strong> je sestavljena iz :<\/p><p>&#8211; avtobusni prevoz Kranj &#8211; Ljubljana &#8211; Zagreb in nazaj,<br>&#8211; letalska karta Zagreb &#8211; Var\u0161ava in nazaj,<br>&#8211; avtobusni previz iz letali\u0161\u010da v hotel in nazaj,<br>&#8211; hotelske storitve v hotelu 4* v dvoposteljnih sobah (4 preno\u010devanja z zajtrki),<br>&#8211;&nbsp;vse pristojbine in dajatve,<br>&#8211; vodenje v sloven\u0161\u010dini,<br>&#8211; organizacijo potovanja,<br>&#8211; informativno gradivo.<\/p><p>Dodatni stro\u0161ki, ki ji lahko \u0161e pri\u010dakujete:<br>&#8211; \u0161<strong>tartnina za maraton zna\u0161a cca. 70\u20ac, za tek na 10km 35\u20ac. Dopla\u010dilo za teka\u0161ko majico 25\u20ac, za bomba\u017eno majico pa 18\u20ac.<\/strong><br>&#8211; enoposteljna soba (160\u20ac dopla\u010dila),<br>&#8211; vstopnine,<br>&#8211; kosila in ve\u010derje,<br>&#8211; karta za javni prevoz.<\/p><p>Prijava je potrjena s pla\u010dilom <strong>akontacije 290\u20ac<\/strong> &nbsp;na <strong>nov ra\u010dun<\/strong> &nbsp;<strong>SI56 0400 0027 8927 030<\/strong> (\u0160D Maratonc, Beleharjeva 3a, \u0160en\u010dur , koda namena ADVA, referenca 00 2809). <strong>Akontacija se pla\u010da ob prijavi, preostanek pa do 15.8.2025.<\/strong><\/p><h2 class=\"wp-block-heading\"><a href=\"https:\/\/docs.google.com\/forms\/d\/e\/1FAIpQLSfiTczlofnJIB8D9zxa_cYPidvX43odkCOVyHTa-HUnwVhsfQ\/viewform\"><strong>PRIJAVNICA TULE&nbsp;<\/strong><\/a><\/h2><figure class=\"wp-block-embed is-type-rich is-provider-ro-nik-za-vdelave wp-block-embed-ro-nik-za-vdelave\"><div class=\"wp-block-embed__wrapper\">\nhttps:\/\/youtube.com\/watch?v=5NFnXglB8og%3Fsi%3DNG7k98Qvlo6DPCvt\n<\/div><\/figure>","protected":false},"excerpt":{"rendered":"<p>Feniks, ki je zrasel iz pepela oz. poljska prestolnica Var\u0161ava, ki je bila med drugo svetovno vojno popolnoma uni\u010dena je danes ena izmed najbolj sodobnih in modernih prestolnic na svetu, ki pa nikoli ni pozabila na svojo zgodovino. Najljub\u0161i sin Var\u0161ave \u2013 Chopin, je mesto postavil na kulturni zemljevid sveta, zgodovina, arhitektura in umetnost, pa [&hellip;]<\/p>\n","protected":false},"author":1,"featured_media":2744,"comment_status":"open","ping_status":"open","sticky":false,"template":"","format":"standard","meta":{"saved_in_kubio":false,"footnotes":""},"categories":[45],"tags":[],"class_list":["post-2739","post","type-post","status-publish","format-standard","has-post-thumbnail","hentry","category-potovanja"],"_links":{"self":[{"href":"http:\/\/maratonc.si\/index.php?rest_route=\/wp\/v2\/posts\/2739","targetHints":{"allow":["GET"]}}],"collection":[{"href":"http:\/\/maratonc.si\/index.php?rest_route=\/wp\/v2\/posts"}],"about":[{"href":"http:\/\/maratonc.si\/index.php?rest_route=\/wp\/v2\/types\/post"}],"author":[{"embeddable":true,"href":"http:\/\/maratonc.si\/index.php?rest_route=\/wp\/v2\/users\/1"}],"replies":[{"embeddable":true,"href":"http:\/\/maratonc.si\/index.php?rest_route=%2Fwp%2Fv2%2Fcomments&post=2739"}],"version-history":[{"count":8,"href":"http:\/\/maratonc.si\/index.php?rest_route=\/wp\/v2\/posts\/2739\/revisions"}],"predecessor-version":[{"id":2956,"href":"http:\/\/maratonc.si\/index.php?rest_route=\/wp\/v2\/posts\/2739\/revisions\/2956"}],"wp:featuredmedia":[{"embeddable":true,"href":"http:\/\/maratonc.si\/index.php?rest_route=\/wp\/v2\/media\/2744"}],"wp:attachment":[{"href":"http:\/\/maratonc.si\/index.php?rest_route=%2Fwp%2Fv2%2Fmedia&parent=2739"}],"wp:term":[{"taxonomy":"category","embeddable":true,"href":"http:\/\/maratonc.si\/index.php?rest_route=%2Fwp%2Fv2%2Fcategories&post=2739"},{"taxonomy":"post_tag","embeddable":true,"href":"http:\/\/maratonc.si\/index.php?rest_route=%2Fwp%2Fv2%2Ftags&post=2739"}],"curies":[{"name":"wp","href":"https:\/\/api.w.org\/{rel}","templated":true}]}}