{"id":2843,"date":"2025-06-20T06:44:46","date_gmt":"2025-06-20T06:44:46","guid":{"rendered":"https:\/\/maratonc.si\/?p=2843"},"modified":"2026-02-22T15:42:50","modified_gmt":"2026-02-22T15:42:50","slug":"praga-in-berlin-half-29-in-30-3-2026","status":"publish","type":"post","link":"http:\/\/maratonc.si\/?p=2843","title":{"rendered":"Praga in Berlin 2026 Superhalfs"},"content":{"rendered":"\n\n<div class=\"kk-star-ratings kksr-auto kksr-align-left kksr-valign-top\"\n    data-payload='{&quot;align&quot;:&quot;left&quot;,&quot;id&quot;:&quot;2843&quot;,&quot;slug&quot;:&quot;default&quot;,&quot;valign&quot;:&quot;top&quot;,&quot;ignore&quot;:&quot;&quot;,&quot;reference&quot;:&quot;auto&quot;,&quot;class&quot;:&quot;&quot;,&quot;count&quot;:&quot;0&quot;,&quot;legendonly&quot;:&quot;&quot;,&quot;readonly&quot;:&quot;&quot;,&quot;score&quot;:&quot;0&quot;,&quot;starsonly&quot;:&quot;&quot;,&quot;best&quot;:&quot;5&quot;,&quot;gap&quot;:&quot;5&quot;,&quot;greet&quot;:&quot;Rate this post&quot;,&quot;legend&quot;:&quot;0\\\/5 - (0 votes)&quot;,&quot;size&quot;:&quot;24&quot;,&quot;title&quot;:&quot;Praga in Berlin 2026 Superhalfs&quot;,&quot;width&quot;:&quot;0&quot;,&quot;_legend&quot;:&quot;{score}\\\/{best} - ({count} {votes})&quot;,&quot;font_factor&quot;:&quot;1.25&quot;}'>\n            \n<div class=\"kksr-stars\">\n    \n<div class=\"kksr-stars-inactive\">\n            <div class=\"kksr-star\" data-star=\"1\" style=\"padding-right: 5px\">\n            \n\n<div class=\"kksr-icon\" style=\"width: 24px; height: 24px;\"><\/div>\n        <\/div>\n            <div class=\"kksr-star\" data-star=\"2\" style=\"padding-right: 5px\">\n            \n\n<div class=\"kksr-icon\" style=\"width: 24px; height: 24px;\"><\/div>\n        <\/div>\n            <div class=\"kksr-star\" data-star=\"3\" style=\"padding-right: 5px\">\n            \n\n<div class=\"kksr-icon\" style=\"width: 24px; height: 24px;\"><\/div>\n        <\/div>\n            <div class=\"kksr-star\" data-star=\"4\" style=\"padding-right: 5px\">\n            \n\n<div class=\"kksr-icon\" style=\"width: 24px; height: 24px;\"><\/div>\n        <\/div>\n            <div class=\"kksr-star\" data-star=\"5\" style=\"padding-right: 5px\">\n            \n\n<div class=\"kksr-icon\" style=\"width: 24px; height: 24px;\"><\/div>\n        <\/div>\n    <\/div>\n    \n<div class=\"kksr-stars-active\" style=\"width: 0px;\">\n            <div class=\"kksr-star\" style=\"padding-right: 5px\">\n            \n\n<div class=\"kksr-icon\" style=\"width: 24px; height: 24px;\"><\/div>\n        <\/div>\n            <div class=\"kksr-star\" style=\"padding-right: 5px\">\n            \n\n<div class=\"kksr-icon\" style=\"width: 24px; height: 24px;\"><\/div>\n        <\/div>\n            <div class=\"kksr-star\" style=\"padding-right: 5px\">\n            \n\n<div class=\"kksr-icon\" style=\"width: 24px; height: 24px;\"><\/div>\n        <\/div>\n            <div class=\"kksr-star\" style=\"padding-right: 5px\">\n            \n\n<div class=\"kksr-icon\" style=\"width: 24px; height: 24px;\"><\/div>\n        <\/div>\n            <div class=\"kksr-star\" style=\"padding-right: 5px\">\n            \n\n<div class=\"kksr-icon\" style=\"width: 24px; height: 24px;\"><\/div>\n        <\/div>\n    <\/div>\n<\/div>\n                \n\n<div class=\"kksr-legend\" style=\"font-size: 19.2px;\">\n            <span class=\"kksr-muted\">Rate this post<\/span>\n    <\/div>\n    <\/div>\n<p><\/p><p><strong>Gremo na SuperHalfse! Dva polmaratona, dve prestolnici, en nepozaben vikend!<\/strong><\/p><p>Si pripravljen_a na najbolj teka\u0161ki vikend leta 2026?<br>Praga + Berlin = dvakratni SuperHalfs izziv v enem samem vikendu!<br>V soboto te\u010de\u0161 v \u010dudoviti Pragi, v nedeljo pa \u017ee osvaja\u0161 ulice Berlina \u2013 in to v uradnih SuperHalfs polmaratonih!<\/p><p><strong><span style=\"text-decoration: underline;\">Pridru\u017ei se nam na nepozabni avanturi med 26. in 30. marcem 2026!<\/span><\/strong><\/p><hr class=\"wp-block-separator has-alpha-channel-opacity\"\/><p><strong>Program po dnevih<\/strong><\/p><p><strong>\u010cetrtek, 26. marec 2026 \u2013 Prihod v Prago<\/strong><\/p><ul class=\"wp-block-list\"><li>Odhod iz Brnika ob 13.25, prihod v Prago in transfer do hotela<\/li>\n\n<li>Popoldanski obisk EXPO sejma in prevzem \u0161tartnih \u0161tevilk<\/li>\n\n<li>Nastanitev v hotelu in kratek po\u010ditek<\/li>\n\n<li>Ve\u010derni sprehod po starem mestnem jedru: Staromestni trg, astronomska ura, Karlov most<\/li>\n\n<li>Ve\u010derja v tradicionalni \u010de\u0161ki pivnici z razgledom na Vltavo<\/li><\/ul><figure class=\"wp-block-image size-large\"><a href=\"https:\/\/maratonc.si\/wp-content\/uploads\/2025\/06\/pr1.jpeg\"><img loading=\"lazy\" decoding=\"async\" width=\"1024\" height=\"576\" src=\"https:\/\/maratonc.si\/wp-content\/uploads\/2025\/06\/pr1-1024x576.jpeg\" alt=\"\" class=\"wp-image-2934\" srcset=\"http:\/\/maratonc.si\/wp-content\/uploads\/2025\/06\/pr1-1024x576.jpeg 1024w, http:\/\/maratonc.si\/wp-content\/uploads\/2025\/06\/pr1-300x169.jpeg 300w, http:\/\/maratonc.si\/wp-content\/uploads\/2025\/06\/pr1-768x432.jpeg 768w, http:\/\/maratonc.si\/wp-content\/uploads\/2025\/06\/pr1-600x338.jpeg 600w, http:\/\/maratonc.si\/wp-content\/uploads\/2025\/06\/pr1.jpeg 1500w\" sizes=\"(max-width: 1024px) 100vw, 1024px\" \/><\/a><\/figure><p><strong>Petek, 27. marec 2026 \u2013 Ogled Prage<\/strong><\/p><ul class=\"wp-block-list\"><li>Dopoldanski ogled Hrad\u010dan, Katedrale sv. Vida, Zlate uli\u010dke in Male strani<\/li>\n\n<li>Kosilo v mestu in carboloading<\/li>\n\n<li>Sprehod po Letenskih vrtovih ali prosti \u010das za kavo ob Vltavi<\/li>\n\n<li>Zve\u010der ve\u010derja in brifing pred polmaratonom<\/li><\/ul><figure class=\"wp-block-image size-large\"><a href=\"https:\/\/maratonc.si\/wp-content\/uploads\/2025\/06\/pr2.webp\"><img loading=\"lazy\" decoding=\"async\" width=\"1024\" height=\"683\" src=\"https:\/\/maratonc.si\/wp-content\/uploads\/2025\/06\/pr2-1024x683.webp\" alt=\"\" class=\"wp-image-2935\" srcset=\"http:\/\/maratonc.si\/wp-content\/uploads\/2025\/06\/pr2-1024x683.webp 1024w, http:\/\/maratonc.si\/wp-content\/uploads\/2025\/06\/pr2-300x200.webp 300w, http:\/\/maratonc.si\/wp-content\/uploads\/2025\/06\/pr2-768x512.webp 768w, http:\/\/maratonc.si\/wp-content\/uploads\/2025\/06\/pr2-1536x1025.webp 1536w, http:\/\/maratonc.si\/wp-content\/uploads\/2025\/06\/pr2-1619x1080.webp 1619w, http:\/\/maratonc.si\/wp-content\/uploads\/2025\/06\/pr2-600x400.webp 600w, http:\/\/maratonc.si\/wp-content\/uploads\/2025\/06\/pr2.webp 2000w\" sizes=\"(max-width: 1024px) 100vw, 1024px\" \/><\/a><\/figure><p><strong>Sobota, 28. marec 2026 \u2013 Pra\u0161ki polmaraton in pot v Berlin<\/strong><\/p><ul class=\"wp-block-list\"><li>Zajtrk in priprava na tek<\/li>\n\n<li>\u0160tart Pra\u0161kega polmaratona \u2013 trasa ob Vltavi, mimo Narodnega gledali\u0161\u010da in Hrad\u010danov<\/li>\n\n<li>Po teku hitri obrok, prevzem prtljage v hotelu in na vlak<\/li>\n\n<li>Organiziran 4-urni prevoz z vlakom proti Berlinu<\/li>\n\n<li>Ve\u010derna namestitev v Berlinu in ve\u010derja v Hauptbahnhofu<\/li><\/ul><figure class=\"wp-block-image size-large\"><a href=\"https:\/\/maratonc.si\/wp-content\/uploads\/2025\/06\/pr3.webp\"><img loading=\"lazy\" decoding=\"async\" width=\"1024\" height=\"520\" src=\"https:\/\/maratonc.si\/wp-content\/uploads\/2025\/06\/pr3-1024x520.webp\" alt=\"\" class=\"wp-image-2936\" srcset=\"http:\/\/maratonc.si\/wp-content\/uploads\/2025\/06\/pr3-1024x520.webp 1024w, http:\/\/maratonc.si\/wp-content\/uploads\/2025\/06\/pr3-300x152.webp 300w, http:\/\/maratonc.si\/wp-content\/uploads\/2025\/06\/pr3-768x390.webp 768w, http:\/\/maratonc.si\/wp-content\/uploads\/2025\/06\/pr3-600x305.webp 600w, http:\/\/maratonc.si\/wp-content\/uploads\/2025\/06\/pr3.webp 1280w\" sizes=\"(max-width: 1024px) 100vw, 1024px\" \/><\/a><\/figure><p><strong>Nedelja, 29. marec 2026 \u2013 Berlinski polmaraton in zaklju\u010dna zabava<\/strong><\/p><ul class=\"wp-block-list\"><li>Zajtrk v hotelu<\/li>\n\n<li>od 7h naprej prevzem \u0161tartnih \u0161tevilk blizu starta,<\/li>\n\n<li>\u0160tart Berlinskega polmaratona \u2013 Brandenbur\u0161ka vrata, Tiergarten, Reichstag, Aleksanderplatz<\/li>\n\n<li>Po teku prosto popoldne za regeneracijo in sprostitev, obisk Fehrnseeturna<\/li>\n\n<li>Skupno slavje in after party v dobrem vzdu\u0161ju<\/li><\/ul><figure class=\"wp-block-image size-large\"><a href=\"https:\/\/maratonc.si\/wp-content\/uploads\/2025\/06\/ber1.webp\"><img loading=\"lazy\" decoding=\"async\" width=\"1024\" height=\"683\" src=\"https:\/\/maratonc.si\/wp-content\/uploads\/2025\/06\/ber1-1024x683.webp\" alt=\"\" class=\"wp-image-2937\" srcset=\"http:\/\/maratonc.si\/wp-content\/uploads\/2025\/06\/ber1-1024x683.webp 1024w, http:\/\/maratonc.si\/wp-content\/uploads\/2025\/06\/ber1-300x200.webp 300w, http:\/\/maratonc.si\/wp-content\/uploads\/2025\/06\/ber1-768x512.webp 768w, http:\/\/maratonc.si\/wp-content\/uploads\/2025\/06\/ber1-600x400.webp 600w, http:\/\/maratonc.si\/wp-content\/uploads\/2025\/06\/ber1.webp 1200w\" sizes=\"(max-width: 1024px) 100vw, 1024px\" \/><\/a><\/figure><p><strong>Ponedeljek, 30. marec 2026 \u2013 Hiter ogled Berlina in povratek domov<\/strong><\/p><ul class=\"wp-block-list\"><li>Po zajtrku odhod ob 9h in avtobusni ogled znamenitosti: Checkpoint Charlie, Berlinski zid ali Museumsinsel<\/li>\n\n<li>Ob 12.00 transfer na letali\u0161\u010de<\/li>\n\n<li>Let iz Berlina ob 14.45 in prihod v Ljubljano 18.50<\/li><\/ul><figure class=\"wp-block-image size-full\"><a href=\"https:\/\/maratonc.si\/wp-content\/uploads\/2025\/06\/ber2.png\"><img loading=\"lazy\" decoding=\"async\" width=\"1024\" height=\"565\" src=\"https:\/\/maratonc.si\/wp-content\/uploads\/2025\/06\/ber2.png\" alt=\"\" class=\"wp-image-2938\" srcset=\"http:\/\/maratonc.si\/wp-content\/uploads\/2025\/06\/ber2.png 1024w, http:\/\/maratonc.si\/wp-content\/uploads\/2025\/06\/ber2-300x166.png 300w, http:\/\/maratonc.si\/wp-content\/uploads\/2025\/06\/ber2-768x424.png 768w, http:\/\/maratonc.si\/wp-content\/uploads\/2025\/06\/ber2-600x331.png 600w\" sizes=\"(max-width: 1024px) 100vw, 1024px\" \/><\/a><\/figure><hr class=\"wp-block-separator has-alpha-channel-opacity\"\/><p><strong>Super teka\u0161ki vikend vklju\u010duje:<\/strong><\/p><ul class=\"wp-block-list\"><li>Letalska karta iz Ljubljane v Prago in nazaj iz Berlina<\/li>\n\n<li>Vsi potrebni transferji (letali\u0161\u010da, hoteli, Praga\u2013Berlin)<\/li>\n\n<li>2 no\u010ditvi v Pragi in 2 no\u010ditvi v Berlinu z zajtrki<\/li>\n\n<li>Ogled Prage in Berlina z lokalnimi priporo\u010dili<\/li>\n\n<li>Obisk EXPO sejma v Pragi in prevzem \u0161tartnih \u0161tevilk<\/li>\n\n<li>Dru\u017eabni program z na\u0161o teka\u0161ko ekipo<\/li>\n\n<li>Zaklju\u010dni dogodek po berlinskem teku<\/li><\/ul><hr class=\"wp-block-separator has-alpha-channel-opacity\"\/><p><strong>Cena paketa: 899 \u20ac<\/strong><\/p><p><strong>Dopla\u010dila:<\/strong><\/p><ul class=\"wp-block-list\"><li>\u0160tartnina za oba polmaratona (Praga: 114\u20ac, Berlin: 139\u20ac)*<\/li>\n\n<li>Kosila in ve\u010derje<\/li>\n\n<li>Morebitne vstopnine in javni prevoz<\/li><\/ul><p><\/p><hr class=\"wp-block-separator has-alpha-channel-opacity\"\/><p><strong>\u0160tevilo mest je omejeno \u2013 pohiti z rezervacijo svojega SuperVikenda!<\/strong><br><strong>Prijavnico najde\u0161 tukaj:  <a href=\"https:\/\/docs.google.com\/forms\/d\/e\/1FAIpQLSf66R341qSTvEf2o3e-Ynbeh8xX0v60yXA5nMxRamCrhaZHzA\/viewform?usp=preview\" data-type=\"link\" data-id=\"https:\/\/docs.google.com\/forms\/d\/e\/1FAIpQLSf66R341qSTvEf2o3e-Ynbeh8xX0v60yXA5nMxRamCrhaZHzA\/viewform?usp=preview\">PRIJAVNICA<\/a><\/strong><\/p><p>Pripravi teka\u0161ke copate in se nam pridru\u017ei na nepozabni teka\u0161ki pustolov\u0161\u010dini!<\/p><figure class=\"wp-block-image size-full\"><a href=\"https:\/\/maratonc.si\/wp-content\/uploads\/2025\/06\/dd.webp\"><img loading=\"lazy\" decoding=\"async\" width=\"940\" height=\"760\" src=\"https:\/\/maratonc.si\/wp-content\/uploads\/2025\/06\/dd.webp\" alt=\"\" class=\"wp-image-2939\" srcset=\"http:\/\/maratonc.si\/wp-content\/uploads\/2025\/06\/dd.webp 940w, http:\/\/maratonc.si\/wp-content\/uploads\/2025\/06\/dd-300x243.webp 300w, http:\/\/maratonc.si\/wp-content\/uploads\/2025\/06\/dd-768x621.webp 768w, http:\/\/maratonc.si\/wp-content\/uploads\/2025\/06\/dd-600x485.webp 600w\" sizes=\"(max-width: 940px) 100vw, 940px\" \/><\/a><\/figure>","protected":false},"excerpt":{"rendered":"<p>Gremo na SuperHalfse! Dva polmaratona, dve prestolnici, en nepozaben vikend! Si pripravljen_a na najbolj teka\u0161ki vikend leta 2026?Praga + Berlin = dvakratni SuperHalfs izziv v enem samem vikendu!V soboto te\u010de\u0161 v \u010dudoviti Pragi, v nedeljo pa \u017ee osvaja\u0161 ulice Berlina \u2013 in to v uradnih SuperHalfs polmaratonih! Pridru\u017ei se nam na nepozabni avanturi med 26. [&hellip;]<\/p>\n","protected":false},"author":1,"featured_media":2847,"comment_status":"open","ping_status":"open","sticky":false,"template":"","format":"standard","meta":{"saved_in_kubio":false,"footnotes":""},"categories":[44],"tags":[51,57,56],"class_list":["post-2843","post","type-post","status-publish","format-standard","has-post-thumbnail","hentry","category-superhalfs","tag-berlin","tag-praga","tag-superhalfs"],"_links":{"self":[{"href":"http:\/\/maratonc.si\/index.php?rest_route=\/wp\/v2\/posts\/2843","targetHints":{"allow":["GET"]}}],"collection":[{"href":"http:\/\/maratonc.si\/index.php?rest_route=\/wp\/v2\/posts"}],"about":[{"href":"http:\/\/maratonc.si\/index.php?rest_route=\/wp\/v2\/types\/post"}],"author":[{"embeddable":true,"href":"http:\/\/maratonc.si\/index.php?rest_route=\/wp\/v2\/users\/1"}],"replies":[{"embeddable":true,"href":"http:\/\/maratonc.si\/index.php?rest_route=%2Fwp%2Fv2%2Fcomments&post=2843"}],"version-history":[{"count":22,"href":"http:\/\/maratonc.si\/index.php?rest_route=\/wp\/v2\/posts\/2843\/revisions"}],"predecessor-version":[{"id":3280,"href":"http:\/\/maratonc.si\/index.php?rest_route=\/wp\/v2\/posts\/2843\/revisions\/3280"}],"wp:featuredmedia":[{"embeddable":true,"href":"http:\/\/maratonc.si\/index.php?rest_route=\/wp\/v2\/media\/2847"}],"wp:attachment":[{"href":"http:\/\/maratonc.si\/index.php?rest_route=%2Fwp%2Fv2%2Fmedia&parent=2843"}],"wp:term":[{"taxonomy":"category","embeddable":true,"href":"http:\/\/maratonc.si\/index.php?rest_route=%2Fwp%2Fv2%2Fcategories&post=2843"},{"taxonomy":"post_tag","embeddable":true,"href":"http:\/\/maratonc.si\/index.php?rest_route=%2Fwp%2Fv2%2Ftags&post=2843"}],"curies":[{"name":"wp","href":"https:\/\/api.w.org\/{rel}","templated":true}]}}