{"id":3172,"date":"2026-01-11T15:43:40","date_gmt":"2026-01-11T15:43:40","guid":{"rendered":"https:\/\/maratonc.si\/?p=3172"},"modified":"2026-01-16T08:21:03","modified_gmt":"2026-01-16T08:21:03","slug":"bukaresta-maraton-polmaraton-10-km-in-25-km-11-oktober-2026","status":"publish","type":"post","link":"http:\/\/maratonc.si\/?p=3172","title":{"rendered":"Bukare\u0161ta maraton, 21 km, \u0161tafeta, 10km in 2,5 km, 11. oktober 2026"},"content":{"rendered":"\n\n<div class=\"kk-star-ratings kksr-auto kksr-align-left kksr-valign-top\"\n    data-payload='{&quot;align&quot;:&quot;left&quot;,&quot;id&quot;:&quot;3172&quot;,&quot;slug&quot;:&quot;default&quot;,&quot;valign&quot;:&quot;top&quot;,&quot;ignore&quot;:&quot;&quot;,&quot;reference&quot;:&quot;auto&quot;,&quot;class&quot;:&quot;&quot;,&quot;count&quot;:&quot;0&quot;,&quot;legendonly&quot;:&quot;&quot;,&quot;readonly&quot;:&quot;&quot;,&quot;score&quot;:&quot;0&quot;,&quot;starsonly&quot;:&quot;&quot;,&quot;best&quot;:&quot;5&quot;,&quot;gap&quot;:&quot;5&quot;,&quot;greet&quot;:&quot;Rate this post&quot;,&quot;legend&quot;:&quot;0\\\/5 - (0 votes)&quot;,&quot;size&quot;:&quot;24&quot;,&quot;title&quot;:&quot;Bukare\u0161ta maraton, 21 km, \u0161tafeta, 10km in 2,5 km, 11. oktober 2026&quot;,&quot;width&quot;:&quot;0&quot;,&quot;_legend&quot;:&quot;{score}\\\/{best} - ({count} {votes})&quot;,&quot;font_factor&quot;:&quot;1.25&quot;}'>\n            \n<div class=\"kksr-stars\">\n    \n<div class=\"kksr-stars-inactive\">\n            <div class=\"kksr-star\" data-star=\"1\" style=\"padding-right: 5px\">\n            \n\n<div class=\"kksr-icon\" style=\"width: 24px; height: 24px;\"><\/div>\n        <\/div>\n            <div class=\"kksr-star\" data-star=\"2\" style=\"padding-right: 5px\">\n            \n\n<div class=\"kksr-icon\" style=\"width: 24px; height: 24px;\"><\/div>\n        <\/div>\n            <div class=\"kksr-star\" data-star=\"3\" style=\"padding-right: 5px\">\n            \n\n<div class=\"kksr-icon\" style=\"width: 24px; height: 24px;\"><\/div>\n        <\/div>\n            <div class=\"kksr-star\" data-star=\"4\" style=\"padding-right: 5px\">\n            \n\n<div class=\"kksr-icon\" style=\"width: 24px; height: 24px;\"><\/div>\n        <\/div>\n            <div class=\"kksr-star\" data-star=\"5\" style=\"padding-right: 5px\">\n            \n\n<div class=\"kksr-icon\" style=\"width: 24px; height: 24px;\"><\/div>\n        <\/div>\n    <\/div>\n    \n<div class=\"kksr-stars-active\" style=\"width: 0px;\">\n            <div class=\"kksr-star\" style=\"padding-right: 5px\">\n            \n\n<div class=\"kksr-icon\" style=\"width: 24px; height: 24px;\"><\/div>\n        <\/div>\n            <div class=\"kksr-star\" style=\"padding-right: 5px\">\n            \n\n<div class=\"kksr-icon\" style=\"width: 24px; height: 24px;\"><\/div>\n        <\/div>\n            <div class=\"kksr-star\" style=\"padding-right: 5px\">\n            \n\n<div class=\"kksr-icon\" style=\"width: 24px; height: 24px;\"><\/div>\n        <\/div>\n            <div class=\"kksr-star\" style=\"padding-right: 5px\">\n            \n\n<div class=\"kksr-icon\" style=\"width: 24px; height: 24px;\"><\/div>\n        <\/div>\n            <div class=\"kksr-star\" style=\"padding-right: 5px\">\n            \n\n<div class=\"kksr-icon\" style=\"width: 24px; height: 24px;\"><\/div>\n        <\/div>\n    <\/div>\n<\/div>\n                \n\n<div class=\"kksr-legend\" style=\"font-size: 19.2px;\">\n            <span class=\"kksr-muted\">Rate this post<\/span>\n    <\/div>\n    <\/div>\n<h2 class=\"wp-block-heading\">Bukare\u0161ta maraton, polmaraton, 10 km in 2,5 km, 11. oktober 2026<\/h2><figure class=\"wp-block-image size-large\"><a href=\"https:\/\/maratonc.si\/wp-content\/uploads\/2026\/01\/b22.png\"><img loading=\"lazy\" decoding=\"async\" width=\"1024\" height=\"681\" src=\"https:\/\/maratonc.si\/wp-content\/uploads\/2026\/01\/b22-1024x681.png\" alt=\"\" class=\"wp-image-3195\" srcset=\"http:\/\/maratonc.si\/wp-content\/uploads\/2026\/01\/b22-1024x681.png 1024w, http:\/\/maratonc.si\/wp-content\/uploads\/2026\/01\/b22-300x199.png 300w, http:\/\/maratonc.si\/wp-content\/uploads\/2026\/01\/b22-768x511.png 768w, http:\/\/maratonc.si\/wp-content\/uploads\/2026\/01\/b22-600x399.png 600w, http:\/\/maratonc.si\/wp-content\/uploads\/2026\/01\/b22.png 1080w\" sizes=\"(max-width: 1024px) 100vw, 1024px\" \/><\/a><\/figure><p><strong>Bukare\u0161ta je izjemna prestolnica Romunije, najlep\u0161e mesto na vzhodnem Balkanu in imenovano tudi Vzhodni Pariz! <\/strong> Elegantna arhitektura mesta, mogo\u010dne stavbe socialisti\u010dnega obdobja, \u017eivahne ulice starega mestnega jedra in presenetljivo zeleni parki ustvarjajo me\u0161anico, ki navdu\u0161i \u017ee ob prvem stiku. Mesto \u017eivi po\u010dasi, s toplino in zna\u010dajem, ki je hkrati balkanski in srednjeevropski \u2013 in prav zato tako privla\u010den.<\/p><p>Maratonski vikend v Bukare\u0161ti je idealna prilo\u017enost, da <strong>te\u010demo skozi zgodovino<\/strong>, oku\u0161amo romunsko kulinariko, ob\u010dutimo utrip mesta in si po teku privo\u0161\u010dimo tudi zdravico. To ni le tek \u2013 to je \u0161e ena nova prestolnica za nas, to je romunska avantura.<\/p><div class=\"wp-block-buttons is-layout-flex wp-block-buttons-is-layout-flex\"><div class=\"wp-block-button\"><a class=\"wp-block-button__link wp-element-button\" href=\"https:\/\/docs.google.com\/forms\/d\/e\/1FAIpQLScb3niqlbgXtT9lP99X_Yqj4F3Vp1ZoMDK6MeRYlXs8LUAnvw\/viewform?usp=dialog\"><strong>PRIJAVI SE TUKAJ<\/strong><\/a><\/div><\/div><h5 class=\"wp-block-heading\"><strong>1. dan \u2013 Petek, 9. oktober 2026 &#8211; <\/strong>prihod v Bukare\u0161to &amp; Marathon Expo<\/h5><p>Popoldne pristanemo na letali\u0161\u010du <strong>Henri Coand\u0103<\/strong> Otopeni, kjer nas \u017ee ob prihodu pri\u010daka \u017eivahen ritem romunske prestolnice. Organiziran transfer nas popelje v center mesta, kjer se hitro poka\u017ee, da Bukare\u0161ta ni siva \u2013 je presenetljivo barvita, odprta in topla.<br>Po namestitvi v hotelu sledi:<\/p><ul class=\"wp-block-list\"><li>obisk <strong>Marathon Expo sejma<\/strong>, kjer:<ul class=\"wp-block-list\"><li>prevzamemo startne \u0161tevilke,<\/li>\n\n<li>se potopimo v teka\u0161ko vzdu\u0161je in za\u010dutimo mednarodni utrip dogodka<\/li>\n\n<li>sledi kratek sprehod po okolici hotela, prvi stik z mestnimi ulicami in<\/li><\/ul><\/li>\n\n<li><strong>skupna ve\u010derja<\/strong>, kjer se ob lokalnih jedeh in kozarcu vina sprostimo in dru\u017eimo.<\/li><\/ul><p>Po ve\u010derji no\u010ditev.<\/p><figure class=\"wp-block-image size-large\"><a href=\"https:\/\/maratonc.si\/wp-content\/uploads\/2026\/01\/b7.jpg\"><img loading=\"lazy\" decoding=\"async\" width=\"1024\" height=\"327\" src=\"https:\/\/maratonc.si\/wp-content\/uploads\/2026\/01\/b7-1024x327.jpg\" alt=\"\" class=\"wp-image-3198\" srcset=\"http:\/\/maratonc.si\/wp-content\/uploads\/2026\/01\/b7-1024x327.jpg 1024w, http:\/\/maratonc.si\/wp-content\/uploads\/2026\/01\/b7-300x96.jpg 300w, http:\/\/maratonc.si\/wp-content\/uploads\/2026\/01\/b7-768x245.jpg 768w, http:\/\/maratonc.si\/wp-content\/uploads\/2026\/01\/b7-600x192.jpg 600w, http:\/\/maratonc.si\/wp-content\/uploads\/2026\/01\/b7.jpg 1400w\" sizes=\"(max-width: 1024px) 100vw, 1024px\" \/><\/a><\/figure><h5 class=\"wp-block-heading\"><strong>2. dan \u2013 Sobota, 10. oktober 2026, <\/strong>ogled Bukare\u0161te \u2013 mesta kontrastov<\/h5><p>Dan za\u010dnemo umirjeno, z zajtrkom, nato pa se odpravimo na ogled mesta, ki razkrije najbolj\u0161e kar ponuja mesto. Ogledali si bomo:<\/p><ul class=\"wp-block-list\"><li><strong>Pala\u010da parlamenta<\/strong>, mogo\u010dna in skoraj nepredstavljivo velika stavba, simbol nekdanjega re\u017eima in hkrati ena najbolj fascinantnih zgradb v Evropi. Drugi najve\u010dji parlament na svetu.<\/li>\n\n<li><strong>Boulevard Unirii<\/strong>, \u0161iroka avenija, zgrajena po zgledu Elizejskih poljan, kjer razse\u017enost prostora poka\u017ee ambicije nekdanje oblasti.<\/li>\n\n<li><strong>Trg revolucije<\/strong>, kraj, kjer se je pisala zgodovina leta 1989. Danes miren trg, a z izjemno mo\u010dno zgodbo, ki jo za\u010duti\u0161 \u017ee ob kratkem postanku.<\/li>\n\n<li><strong>Romunski Atenej<\/strong>, elegantna, skoraj pravlji\u010dna stavba, simbol romunske kulture in glasbe \u2013 ena najbolj fotogeni\u010dnih to\u010dk mesta.<\/li>\n\n<li><strong>Calea Victoriei<\/strong>, najlep\u0161a bukare\u0161tanska ulica, polna pala\u010d, muzejev, kavarn in mestnega vrve\u017ea. Popolna za spro\u0161\u010den sprehod in opazovanje \u017eivljenja.<\/li><\/ul><p>Privo\u0161\u010dimo si carboloading kosilo v mestu, potem pa se do hotela \u0161e sprehodimo mimo starega mestnega jedra <strong>Lipscani<\/strong>, ki nas o\u010dara z:<\/p><ul class=\"wp-block-list\"><li>ozkimi tlakovanimi ulicami in pisanimi fasadami,<\/li><\/ul><ul class=\"wp-block-list\"><li>samostanom <strong>Stavropoleos <\/strong> s svojim mirnim dvori\u0161\u010dem ponudi trenutek ti\u0161ine,<\/li>\n\n<li>najstarej\u0161im \u0161e delujo\u010dim hotelom<strong> Hanul lui Manuc<\/strong>, ki razkrije zgodbe trgovcev in popotnikov iz preteklosti.<\/li><\/ul><p>Ve\u010der zaklju\u010dimo umirjeno, z lahko ve\u010derjo in zgodnjim po\u010ditkom.<\/p><h5 class=\"wp-block-heading\"><strong>3. dan \u2013 Nedelja, 11. oktober 2026 &#8211;<\/strong> maratonski dan<\/h5><p>Po zgodnjem zajtrku se po 8 uri odpravimo na start. Vse razdalje startajo <strong>to\u010dno ob 9. uri,<\/strong> proga pa je speljana po celem mestu in z samo dobrimi 100 vi\u0161inskimi metri. Limit za maraton je 6 ur, prav tako za \u0161tafeto, za polmaraton 3 ure, za 10ko pa uro in pol. Na \u0161tartu bomo skupaj z 16.000 teka\u010di iz 75 dr\u017eav, od tega jih desetina zakklju\u010di najdalj\u0161o razdaljo. V cilju pri\u010dakamo vse maratonce in se gremo osve\u017eit v hotel, potem pa na regeneracijo:<\/p><ul class=\"wp-block-list\"><li>ve\u010derni sprehod po osvetljenem prehodu <strong>Macca &#8211; Vilacrosse,<\/strong><\/li>\n\n<li><strong>zaklju\u010dna ve\u010derja<\/strong>, kjer ob romunski kulinariki in kozarcu vina delimo vtise s proge,<\/li>\n\n<li>no\u010dno mestno \u017eivljenje in vrve\u017e, po katerem slovi ta vzhodna prestolnica. <\/li><\/ul><p><\/p><h5 class=\"wp-block-heading\"><strong>4. dan \u2013 Ponedeljek, 12. oktober 2026<\/strong>, dopoldne v mestu in odhod<\/h5><p>Zadnji dan po zajtrku si naredimo zanimivo dopoldne:<\/p><ul class=\"wp-block-list\"><li>sprehod ali kraj\u0161i tek po <strong>Herastrau Parku<\/strong>, najve\u010djem zelenem parku v mestu,<\/li>\n\n<li>ogled <strong>Slavoloka zmage, <\/strong>ki vas prestavi v Pariz,<\/li>\n\n<li>nakup spominkov in obisk nakupovalnega centra,<\/li>\n\n<li>\u010de bo \u010das, po\u0161pegamo \u0161e v <strong>Muzej komunizma<\/strong> in<strong> Etnografski muzej,<\/strong><\/li>\n\n<li>dopoldne zalju\u010dimo s hitrim kosilom.<\/li><\/ul><p>Ob 13h imamo transfer na letali\u0161\u010de in povratek proti Ljubljani.<\/p><figure class=\"wp-block-image size-large\"><a href=\"https:\/\/maratonc.si\/wp-content\/uploads\/2026\/01\/b555-1-scaled.jpeg\"><img loading=\"lazy\" decoding=\"async\" width=\"1024\" height=\"219\" src=\"https:\/\/maratonc.si\/wp-content\/uploads\/2026\/01\/b555-1-1024x219.jpeg\" alt=\"\" class=\"wp-image-3218\" srcset=\"http:\/\/maratonc.si\/wp-content\/uploads\/2026\/01\/b555-1-1024x219.jpeg 1024w, http:\/\/maratonc.si\/wp-content\/uploads\/2026\/01\/b555-1-300x64.jpeg 300w, http:\/\/maratonc.si\/wp-content\/uploads\/2026\/01\/b555-1-768x164.jpeg 768w, http:\/\/maratonc.si\/wp-content\/uploads\/2026\/01\/b555-1-1536x328.jpeg 1536w, http:\/\/maratonc.si\/wp-content\/uploads\/2026\/01\/b555-1-2048x437.jpeg 2048w, http:\/\/maratonc.si\/wp-content\/uploads\/2026\/01\/b555-1-1920x410.jpeg 1920w, http:\/\/maratonc.si\/wp-content\/uploads\/2026\/01\/b555-1-600x128.jpeg 600w\" sizes=\"(max-width: 1024px) 100vw, 1024px\" \/><\/a><\/figure><h5 class=\"wp-block-heading\">Namestitev<\/h5><p><strong>Ibis Styles Bucharest City Center<\/strong>, 3\u2605, v sredi\u0161\u010du mesta, v neposredni bli\u017eini starega mestnega jedra Lipscani ter z odli\u010dnim dostopom do starta in cilja maratona. Vklju\u010deni so zajtrki. Namestitev v udobnih dvoposteljnih sobah, mo\u017enost enoposteljnih sob z dopla\u010dilom.<\/p><p><\/p><h5 class=\"wp-block-heading\">Cena zna\u0161a 698\u20ac in vklju\u010duje:<\/h5><ul class=\"wp-block-list\"><li>letalsko karto <strong>Ljubljana &#8211; Beograd &#8211; Bukare\u0161ta\u2013Ljubljana<\/strong>,<\/li>\n\n<li>3 no\u010ditve z zajtrkom v hotelu <strong>Ibis Styles Bucharest City Center<\/strong>,<\/li>\n\n<li>skupinski transfer <strong>letali\u0161\u010de\u2013hotel\u2013letali\u0161\u010de<\/strong>,<\/li>\n\n<li>oddajno prtljago do 23 kg,<\/li>\n\n<li>organizacijo in vodenje odprave,<\/li>\n\n<li>voden ogled Bukare\u0161te (staro mestno jedro in glavne znamenitosti),<\/li>\n\n<li>turisti\u010dno takso in vse davke.<br><\/li><\/ul><h5 class=\"wp-block-heading\"> Mo\u017ena dopla\u010dila:<\/h5><ul class=\"wp-block-list\"><li>startnina za <strong>Bukare\u0161ta Marathon<\/strong><ul class=\"wp-block-list\"><li>maraton (42 km) &#8211; <strong>50\u20ac<\/strong><\/li>\n\n<li>polmaraton (21 km) &#8211;<strong> 30\u20ac<\/strong><\/li>\n\n<li>tek na 10 km<strong> &#8211; 25\u20ac<\/strong><\/li>\n\n<li>\u0161tafeta (10+10+10+12 km):<strong> 100\u20ac<\/strong><\/li>\n\n<li>tek na 2,5 km &#8211;<strong> 15\u20ac<\/strong><\/li><\/ul><\/li>\n\n<li>enoposteljna soba, dopla\u010dilo 112\u20ac<\/li>\n\n<li>skupne ve\u010derje<\/li>\n\n<li>vstopnine v muzeje<\/li>\n\n<li>dodatni ogledi in lokalni prevoz.<\/li><\/ul><div class=\"wp-block-buttons is-layout-flex wp-block-buttons-is-layout-flex\"><div class=\"wp-block-button\"><a class=\"wp-block-button__link wp-element-button\" href=\"https:\/\/docs.google.com\/forms\/d\/e\/1FAIpQLScb3niqlbgXtT9lP99X_Yqj4F3Vp1ZoMDK6MeRYlXs8LUAnvw\/viewform?usp=dialog\"><strong>PRIJAVI SE TUKAJ<\/strong><\/a><\/div><\/div><p>Prijava je potrjena s pla\u010dilom <strong>akontacije 260 \u20ac<\/strong> na ra\u010dun:<\/p><p><strong>SI56 0400 0027 8927 030<\/strong><br>(\u0160D Maratonc, Beleharjeva 3a, \u0160en\u010dur)<br>koda namena: <strong>ADVA<\/strong><br>referenca: <strong>00 1110<\/strong><\/p><p>Rok za pla\u010dilo akontacije: <strong>do 20. 2. 2026<\/strong>. Preostanek se poravna <strong>po obrokih ali v celoti najkasneje do za\u010detka septembra 2026<\/strong>.<\/p><figure class=\"wp-block-image size-large\"><a href=\"http:\/\/maratonc.si\/wp-content\/uploads\/2026\/01\/b4-1.jpg\"><img loading=\"lazy\" decoding=\"async\" width=\"1024\" height=\"683\" src=\"http:\/\/maratonc.si\/wp-content\/uploads\/2026\/01\/b4-1-1024x683.jpg\" alt=\"\" class=\"wp-image-3217\" srcset=\"http:\/\/maratonc.si\/wp-content\/uploads\/2026\/01\/b4-1-1024x683.jpg 1024w, http:\/\/maratonc.si\/wp-content\/uploads\/2026\/01\/b4-1-300x200.jpg 300w, http:\/\/maratonc.si\/wp-content\/uploads\/2026\/01\/b4-1-768x512.jpg 768w, http:\/\/maratonc.si\/wp-content\/uploads\/2026\/01\/b4-1-600x400.jpg 600w, http:\/\/maratonc.si\/wp-content\/uploads\/2026\/01\/b4-1.jpg 1440w\" sizes=\"(max-width: 1024px) 100vw, 1024px\" \/><\/a><\/figure>","protected":false},"excerpt":{"rendered":"<p>Bukare\u0161ta maraton, polmaraton, 10 km in 2,5 km, 11. oktober 2026 Bukare\u0161ta je izjemna prestolnica Romunije, najlep\u0161e mesto na vzhodnem Balkanu in imenovano tudi Vzhodni Pariz! Elegantna arhitektura mesta, mogo\u010dne stavbe socialisti\u010dnega obdobja, \u017eivahne ulice starega mestnega jedra in presenetljivo zeleni parki ustvarjajo me\u0161anico, ki navdu\u0161i \u017ee ob prvem stiku. Mesto \u017eivi po\u010dasi, s toplino [&hellip;]<\/p>\n","protected":false},"author":1,"featured_media":3236,"comment_status":"open","ping_status":"open","sticky":false,"template":"","format":"standard","meta":{"saved_in_kubio":false,"footnotes":""},"categories":[45],"tags":[],"class_list":["post-3172","post","type-post","status-publish","format-standard","has-post-thumbnail","hentry","category-potovanja"],"_links":{"self":[{"href":"http:\/\/maratonc.si\/index.php?rest_route=\/wp\/v2\/posts\/3172","targetHints":{"allow":["GET"]}}],"collection":[{"href":"http:\/\/maratonc.si\/index.php?rest_route=\/wp\/v2\/posts"}],"about":[{"href":"http:\/\/maratonc.si\/index.php?rest_route=\/wp\/v2\/types\/post"}],"author":[{"embeddable":true,"href":"http:\/\/maratonc.si\/index.php?rest_route=\/wp\/v2\/users\/1"}],"replies":[{"embeddable":true,"href":"http:\/\/maratonc.si\/index.php?rest_route=%2Fwp%2Fv2%2Fcomments&post=3172"}],"version-history":[{"count":38,"href":"http:\/\/maratonc.si\/index.php?rest_route=\/wp\/v2\/posts\/3172\/revisions"}],"predecessor-version":[{"id":3237,"href":"http:\/\/maratonc.si\/index.php?rest_route=\/wp\/v2\/posts\/3172\/revisions\/3237"}],"wp:featuredmedia":[{"embeddable":true,"href":"http:\/\/maratonc.si\/index.php?rest_route=\/wp\/v2\/media\/3236"}],"wp:attachment":[{"href":"http:\/\/maratonc.si\/index.php?rest_route=%2Fwp%2Fv2%2Fmedia&parent=3172"}],"wp:term":[{"taxonomy":"category","embeddable":true,"href":"http:\/\/maratonc.si\/index.php?rest_route=%2Fwp%2Fv2%2Fcategories&post=3172"},{"taxonomy":"post_tag","embeddable":true,"href":"http:\/\/maratonc.si\/index.php?rest_route=%2Fwp%2Fv2%2Ftags&post=3172"}],"curies":[{"name":"wp","href":"https:\/\/api.w.org\/{rel}","templated":true}]}}